{"id":32312,"date":"2023-05-12T09:57:37","date_gmt":"2023-05-12T06:57:37","guid":{"rendered":"https:\/\/aeroportultransilvania.ro\/anunt-solicitare-acord-de-mediu-extindere-platforma-parcare-aeronave\/"},"modified":"2023-05-12T09:57:37","modified_gmt":"2023-05-12T06:57:37","slug":"anunt-solicitare-acord-de-mediu-extindere-platforma-parcare-aeronave","status":"publish","type":"post","link":"https:\/\/aeroportultransilvania.ro\/en\/anunt-solicitare-acord-de-mediu-extindere-platforma-parcare-aeronave\/","title":{"rendered":"Anunt solicitare acord de mediu extindere platforma parcare aeronave"},"content":{"rendered":"<p>REGIA AUTONOM\u0102 AEROPORTUL TRANSILVANIA- T\u00c2RGU MURE\u015e , cu sediul in Vidras\u0103u,soseaua Tg-Mure\u015f-Ludus,km.14,5,jud.Mure\u015f, CP-547612, CUI-RO 4726000, jud.Mure\u015f &#8211; Romania, reprezentat\u0103 legal de c\u0103tre d-nul PETI ANDREI, in calitate de Pre\u015fedinte al Consilului de administra\u0163ie,anun\u0163\u0103 publicul interesat asupra depunerii solicit\u0103rii de emitere a acordului de mediu pentru proiectul &#8220;Extindere platforma de parcare aeronave&#8221;,propus a fi amplasat \u00een Ora\u015ful Ungheni,sat.Vidras\u0103u,\u015foseaua T\u00e2rgu Mure\u015f-Ludus,km. 14,5,jud.Mures.<\/p>\n<p>Informa\u0163iile privind proiectul propus pot fi consultate la sediul A.P.M Mure\u015f , din T\u00e2rgu Mure\u015f,str.Podeni,nr.10 \u00een zilele de luni,\u00eentre orele 9.00-15.00 si mar\u0163i-vineri,\u00eentre orele 9.00-12.00,precum si la sediul REGIEI AUTONOME AEROPORTUL TRANSILVANIA &#8211; T\u00c2RGU MURE\u015e , cu sediul \u00een Vidras\u0103u,soseaua Tg-Mure\u015f-Ludus,km.14,5 \u00een zilele de luni-vineri ,intre orele 09.00-15.00.<\/p>\n<p>Observa\u0163iile publicului se primesc prin po\u015ft\u0103 la A.P.M Mure\u015f,T\u00e2rgu Mure\u015f,str.Podeninr. 10,jud.Mure\u015f sau pe e-mail: office@apmms.anpm.ro sau fax 0265 314985.<\/p>\n","protected":false},"excerpt":{"rendered":"<p>REGIA AUTONOM\u0102 AEROPORTUL TRANSILVANIA- T\u00c2RGU MURE\u015e , cu sediul in Vidras\u0103u,soseaua Tg-Mure\u015f-Ludus,km.14,5,jud.Mure\u015f, CP-547612, CUI-RO 4726000, jud.Mure\u015f &#8211; Romania, reprezentat\u0103 legal de c\u0103tre d-nul PETI ANDREI, in calitate de Pre\u015fedinte al Consilului de administra\u0163ie,anun\u0163\u0103 publicul interesat asupra depunerii solicit\u0103rii de emitere a acordului de mediu pentru proiectul &#8220;Extindere platforma de parcare aeronave&#8221;,propus a fi amplasat \u00een [&hellip;]<\/p>\n","protected":false},"author":3,"featured_media":0,"comment_status":"closed","ping_status":"closed","sticky":false,"template":"","format":"standard","meta":{"footnotes":""},"categories":[128,119],"tags":[],"class_list":["post-32312","post","type-post","status-publish","format-standard","hentry","category-general-en","category-public-information"],"_links":{"self":[{"href":"https:\/\/aeroportultransilvania.ro\/en\/wp-json\/wp\/v2\/posts\/32312"}],"collection":[{"href":"https:\/\/aeroportultransilvania.ro\/en\/wp-json\/wp\/v2\/posts"}],"about":[{"href":"https:\/\/aeroportultransilvania.ro\/en\/wp-json\/wp\/v2\/types\/post"}],"author":[{"embeddable":true,"href":"https:\/\/aeroportultransilvania.ro\/en\/wp-json\/wp\/v2\/users\/3"}],"replies":[{"embeddable":true,"href":"https:\/\/aeroportultransilvania.ro\/en\/wp-json\/wp\/v2\/comments?post=32312"}],"version-history":[{"count":0,"href":"https:\/\/aeroportultransilvania.ro\/en\/wp-json\/wp\/v2\/posts\/32312\/revisions"}],"wp:attachment":[{"href":"https:\/\/aeroportultransilvania.ro\/en\/wp-json\/wp\/v2\/media?parent=32312"}],"wp:term":[{"taxonomy":"category","embeddable":true,"href":"https:\/\/aeroportultransilvania.ro\/en\/wp-json\/wp\/v2\/categories?post=32312"},{"taxonomy":"post_tag","embeddable":true,"href":"https:\/\/aeroportultransilvania.ro\/en\/wp-json\/wp\/v2\/tags?post=32312"}],"curies":[{"name":"wp","href":"https:\/\/api.w.org\/{rel}","templated":true}]}}