{"id":38365,"date":"2025-03-27T14:15:27","date_gmt":"2025-03-27T12:15:27","guid":{"rendered":"https:\/\/aeroportultransilvania.ro\/imbunatatiri-pentru-pasagerii-cu-mobilitate-redusa-la-aeroportul-international-transilvania-targu-mures\/"},"modified":"2025-03-27T14:17:15","modified_gmt":"2025-03-27T12:17:15","slug":"imbunatatiri-pentru-pasagerii-cu-mobilitate-redusa-la-aeroportul-international-transilvania-targu-mures","status":"publish","type":"post","link":"https:\/\/aeroportultransilvania.ro\/hu\/imbunatatiri-pentru-pasagerii-cu-mobilitate-redusa-la-aeroportul-international-transilvania-targu-mures\/","title":{"rendered":"\u00dajdons\u00e1gok a cs\u00f6kkent mozg\u00e1sk\u00e9pess\u00e9g\u0171 utasok sz\u00e1m\u00e1ra a Marosv\u00e1s\u00e1rhelyi Transilvania Nemzetk\u00f6zi Rep\u00fcl\u0151t\u00e9ren"},"content":{"rendered":"<p>A Marosv\u00e1s\u00e1rhelyi Transilvania Nemzetk\u00f6zi Rep\u00fcl\u0151t\u00e9r folyamatosan fejleszti szolg\u00e1ltat\u00e1sait a cs\u00f6kkent mozg\u00e1sk\u00e9pess\u00e9g\u0171 utasok sz\u00e1m\u00e1ra, annak \u00e9rdek\u00e9ben, hogy biztons\u00e1gos, k\u00e9nyelmes \u00e9s akad\u00e1lymentes utaz\u00e1si \u00e9lm\u00e9nyt ny\u00fajtson mindenki sz\u00e1m\u00e1ra.<\/p>\n<p>M\u00e1rcius 1-j\u00e9t\u0151l kezd\u0151d\u0151en a rep\u00fcl\u0151t\u00e9r seg\u00e9lyk\u00e9r\u0151 rendszert helyezett \u00fczembe az indul\u00e1si termin\u00e1l bej\u00e1rat\u00e1n\u00e1l, amely azoknak az utasoknak ny\u00fajt t\u00e1mogat\u00e1st, akik seg\u00edts\u00e9gre szorulnak. A szolg\u00e1ltat\u00e1s az al\u00e1bbi szem\u00e9lyek sz\u00e1m\u00e1ra el\u00e9rhet\u0151:<\/p>\n<ul>\n<li>Kerekessz\u00e9ket haszn\u00e1l\u00f3 utasok<\/li>\n<li>Mozg\u00e1sukban korl\u00e1tozott szem\u00e9lyek<\/li>\n<li>L\u00e1t\u00e1s- vagy hall\u00e1ss\u00e9r\u00fclt utasok \ud83d\udc69\u200d\ud83e\uddbb<\/li>\n<li>Intellektu\u00e1lis vagy kognit\u00edv fogyat\u00e9koss\u00e1ggal \u00e9l\u0151 szem\u00e9lyek<\/li>\n<li>Minden olyan utas, aki kieg\u00e9sz\u00edt\u0151 seg\u00edts\u00e9gre szorul a rep\u00fcl\u0151t\u00e9ri folyamatok sor\u00e1n<\/li>\n<\/ul>\n<p>A seg\u00e9lyh\u00edv\u00f3 gomb megnyom\u00e1s\u00e1val az utasok felv\u00e9telre ker\u00fclnek, \u00e9s a rep\u00fcl\u0151t\u00e9r munkat\u00e1rsai, egy\u00fcttm\u0171k\u00f6dve a szerz\u0151d\u00e9ses partnereinkkel, akik ell\u00e1tj\u00e1k a rept\u00e9ren az els\u0151seg\u00e9ly ny\u00fajt\u00e1st, azaz a Samaritanus Ment\u0151szolg\u00e1lattal k\u00f6z\u00fcsen, l\u00e9p\u00e9sr\u0151l l\u00e9p\u00e9sre seg\u00edtik \u0151ket az indul\u00e1sig.<\/p>\n<p>Tov\u00e1bb\u00e1, az utasv\u00e1r\u00f3ban k\u00fcl\u00f6n megjel\u00f6lt, els\u0151bbs\u00e9gi \u00fcl\u0151helyeket alak\u00edtottunk ki azok sz\u00e1m\u00e1ra, akiknek nagyobb k\u00e9nyelemre \u00e9s t\u00e1mogat\u00e1sra van sz\u00fcks\u00e9g\u00fck.<\/p>\n<p>A Marosv\u00e1s\u00e1rhelyi Transilvania Nemzetk\u00f6zi Rep\u00fcl\u0151t\u00e9r elk\u00f6telezett amellett, hogy minden utas sz\u00e1m\u00e1ra hozz\u00e1f\u00e9rhet\u0151, modern \u00e9s inkluz\u00edv k\u00f6rnyezetet biztos\u00edtson.<\/p>\n<p>Tov\u00e1bbi inform\u00e1ci\u00f3k\u00e9rt l\u00e1togasson el a rep\u00fcl\u0151t\u00e9r hivatalos weboldal\u00e1ra: <a href=\"https:\/\/l.facebook.com\/l.php?u=https%3A%2F%2Faeroportultransilvania.ro%2Fhu%2F%3Ffbclid%3DIwZXh0bgNhZW0CMTAAAR0T36myh02CFYNcXtjeU8-_4hPdWdLq6OCxsc4xM1DAUjaGegeFePllRBY_aem_Vjlokm0QhfyYCkJC5lykUg&amp;h=AT1YGisWMeAayjLGMbW76GQijOcRJGL_YBJmJ_BjKNaQv2D42sJS6LL_USYtfo27mcrl4L8Tml1TAvatPSnHsmtqlaJXC2uzffjBxfnzjGFAp_2wgV2l8cQn28_ot1f5NRXitgBmo150AjMkGqWigpTwOAFA-d9x&amp;__tn__=-UK-R&amp;c%5b0%5d=AT0Ie8qNbyfvMBrnleIpyS8NrwrqXMBcKP4jkHFxAqSKb7SRtTayCdqwfyTeXe1vHHDlz63EnR6Oqqq0d1wB9JjM2R7ZADuDOF46JNh26_Ve7-_25hCe_2221NByHLaNH-P_ad1d2FipAZUTisM2hCx_eJLl2-_qcSEzrBTRbrKkrtFyO0zP0dfpDxg9fbiohY4peV48Ey01NHer7rtuqC4idBs\"><strong>https:\/\/aeroportultransilvania.ro\/hu\/<\/strong><\/a><\/p>\n<p>K\u00e9rj\u00fck, ossz\u00e1k meg ezt az \u00fczenetet, hogy min\u00e9l t\u00f6bb \u00e9rintetthez eljuthasson ez az inform\u00e1ci\u00f3!<\/p>\n","protected":false},"excerpt":{"rendered":"<p>A Marosv\u00e1s\u00e1rhelyi Transilvania Nemzetk\u00f6zi Rep\u00fcl\u0151t\u00e9r folyamatosan fejleszti szolg\u00e1ltat\u00e1sait a cs\u00f6kkent mozg\u00e1sk\u00e9pess\u00e9g\u0171 utasok sz\u00e1m\u00e1ra, annak \u00e9rdek\u00e9ben, hogy biztons\u00e1gos, k\u00e9nyelmes \u00e9s akad\u00e1lymentes utaz\u00e1si \u00e9lm\u00e9nyt ny\u00fajtson mindenki sz\u00e1m\u00e1ra. M\u00e1rcius 1-j\u00e9t\u0151l kezd\u0151d\u0151en a rep\u00fcl\u0151t\u00e9r seg\u00e9lyk\u00e9r\u0151 rendszert helyezett \u00fczembe az indul\u00e1si termin\u00e1l bej\u00e1rat\u00e1n\u00e1l, amely azoknak az utasoknak ny\u00fajt t\u00e1mogat\u00e1st, akik seg\u00edts\u00e9gre szorulnak. A szolg\u00e1ltat\u00e1s az al\u00e1bbi szem\u00e9lyek sz\u00e1m\u00e1ra el\u00e9rhet\u0151: Kerekessz\u00e9ket [&hellip;]<\/p>\n","protected":false},"author":5,"featured_media":0,"comment_status":"closed","ping_status":"closed","sticky":false,"template":"","format":"standard","meta":{"footnotes":""},"categories":[120],"tags":[],"class_list":["post-38365","post","type-post","status-publish","format-standard","hentry","category-kozerdeku-informaciok"],"_links":{"self":[{"href":"https:\/\/aeroportultransilvania.ro\/hu\/wp-json\/wp\/v2\/posts\/38365"}],"collection":[{"href":"https:\/\/aeroportultransilvania.ro\/hu\/wp-json\/wp\/v2\/posts"}],"about":[{"href":"https:\/\/aeroportultransilvania.ro\/hu\/wp-json\/wp\/v2\/types\/post"}],"author":[{"embeddable":true,"href":"https:\/\/aeroportultransilvania.ro\/hu\/wp-json\/wp\/v2\/users\/5"}],"replies":[{"embeddable":true,"href":"https:\/\/aeroportultransilvania.ro\/hu\/wp-json\/wp\/v2\/comments?post=38365"}],"version-history":[{"count":1,"href":"https:\/\/aeroportultransilvania.ro\/hu\/wp-json\/wp\/v2\/posts\/38365\/revisions"}],"predecessor-version":[{"id":38366,"href":"https:\/\/aeroportultransilvania.ro\/hu\/wp-json\/wp\/v2\/posts\/38365\/revisions\/38366"}],"wp:attachment":[{"href":"https:\/\/aeroportultransilvania.ro\/hu\/wp-json\/wp\/v2\/media?parent=38365"}],"wp:term":[{"taxonomy":"category","embeddable":true,"href":"https:\/\/aeroportultransilvania.ro\/hu\/wp-json\/wp\/v2\/categories?post=38365"},{"taxonomy":"post_tag","embeddable":true,"href":"https:\/\/aeroportultransilvania.ro\/hu\/wp-json\/wp\/v2\/tags?post=38365"}],"curies":[{"name":"wp","href":"https:\/\/api.w.org\/{rel}","templated":true}]}}